{"id":2815,"date":"2019-09-30T16:02:58","date_gmt":"2019-09-30T14:02:58","guid":{"rendered":"https:\/\/www.adictosaljetlag.com\/?p=2815"},"modified":"2019-12-22T21:40:21","modified_gmt":"2019-12-22T20:40:21","slug":"palmares-de-la-67ssiff","status":"publish","type":"post","link":"https:\/\/www.adictosaljetlag.com\/index.php\/2019\/09\/30\/palmares-de-la-67ssiff\/","title":{"rendered":"Palmar\u00e9s de la 67SSIFF"},"content":{"rendered":"\n<h2 class=\"wp-block-heading\">Secci\u00f3n Oficial<\/h2>\n\n\n\n<ul><li><strong>La trinchera infinita<\/strong> (Jon Gara\u00f1o, Aitor Arregi y Jos\u00e9 Mari Goenaga, 2019, Espa\u00f1a). La ponemos en primer lugar, no s\u00f3lo porque sea una de las pel\u00edculas que m\u00e1s nos ha gustado a nosotros de la Secci\u00f3n Oficial de la 67SSIFF, sino porque es la que m\u00e1s premios ha acumulado si contabilizamos tanto los oficiales como los paralelos:<ul><li>Premios oficiales:<ul><li><strong>Concha de Plata al Mejor Director<\/strong>, otorgada por el Jurado de Secci\u00f3n Oficial<\/li><li>Premio al <strong>Mejor Gui\u00f3n<\/strong>, otorgado por el Jurado de Secci\u00f3n Oficial<\/li><li>Premio Irizar al Cine Vasco, otorgado por el Jurado del Premio Irizar<\/li><\/ul><\/li><li>Premios paralelos:<ul><li>Premio FIPRESCI, otorgado por la Federaci\u00f3n Internacional de Cr\u00edticos de Cine<\/li><li>Premio FEROZ, otorgado por la Asociaci\u00f3n de Informadores Cinematogr\u00e1ficos de Espa\u00f1a<\/li><li>Premio al Mejor Gui\u00f3n Vasco, otorgado por la Asociaci\u00f3n Profesional de Guionistas de Euskal Herria<\/li><\/ul><\/li><\/ul><\/li><\/ul>\n\n\n\n<p class=\"sangria\">En la rueda de prensa tras la entrega de premios no ha tardado en aparecer la pregunta que acusaba la ausencia de la Concha de Oro en la lista de galardones de la pel\u00edcula, sobre todo habiendo cosechado el premio a la mejor Direcci\u00f3n. Gara\u00f1o respond\u00eda: \u201c<em>salimos del festival con 7 premios &#8230;<\/em>\u201d (haciendo un gui\u00f1o local al Premio Flipesci, \u201c&#8230; <em>que tambi\u00e9n es importante<\/em>\u201d) \u201c<em>&#8230; y obviamente nos ha dado pena no haber ganado la Concha de Oro, pero estamos muy contentos<\/em>\u201d. Goenaga tambi\u00e9n lo explicaba de la siguiente manera: \u201c<em>yo entiendo que en un festival de cine, el jurado tiene por un lado una serie de pel\u00edculas que le han gustado y por otro una serie de premios a repartir entre ellas de la manera m\u00e1s coherente posible y tratando de reconocerlas a todas<\/em>\u201d.<\/p>\n\n\n\n<div class=\"wp-block-image sangria\"><figure class=\"aligncenter is-resized\"><img loading=\"lazy\" decoding=\"async\" src=\"https:\/\/www.adictosaljetlag.com\/wp-content\/uploads\/2019\/11\/LaTrincheraInfinita_SSIIFF_premiados_v2-800x534.jpg\" alt=\"\" class=\"wp-image-2822\" width=\"621\" height=\"413\"\/><figcaption>Aitor Arregi, Jon Gara\u00f1o y Jose Mari Goenaga con la Concha de Plata al Mejor Director, el Premio Irizar al Cine Vasco y el Premio al Mejor Gui\u00f3n<\/figcaption><\/figure><\/div>\n\n\n\n<ul><li><strong>Pacificado \/ Pacified <\/strong>(Paxton Winters, 2019, Brasil). La triunfante de la noche si atendemos a que es la que se ha llevado el mayor reconocimiento del Jurado (aunque no ha tenido el mismo \u00e9xito en los premios paralelos de cr\u00edtica y prensa):<ul><li>Premios oficiales:<ul><li><strong>Concha de Oro a la Mejor Pel\u00edcula<\/strong>, otorgada por el Jurado de Secci\u00f3n Oficial<\/li><li><strong>Concha de Plata al Mejor Actor<\/strong>, otorgada por el Jurado de Secci\u00f3n Oficial<\/li><li>Premio a la <strong>Mejor Fotograf\u00eda<\/strong>, otorgado por el Jurado de Secci\u00f3n Oficial<\/li><\/ul><\/li><\/ul><\/li><\/ul>\n\n\n\n<div class=\"wp-block-image sangria\"><figure class=\"aligncenter is-resized\"><img loading=\"lazy\" decoding=\"async\" src=\"https:\/\/www.adictosaljetlag.com\/wp-content\/uploads\/2019\/11\/Pacificado_conchaOroMejorPelicula-800x482.jpg\" alt=\"\" class=\"wp-image-2823\" width=\"626\" height=\"376\"\/><figcaption>El equipo de Pacificado con la Concha de Oro a la Mejor Pel\u00edcula<\/figcaption><\/figure><\/div>\n\n\n\n<ul><li><strong>La hija de un ladr\u00f3n <\/strong>(Bel\u00e9n Funes, 2019, Espa\u00f1a). Greta Fern\u00e1ndez ha conseguido, ex aequo, la <strong>Concha de Plata a la Mejor Actriz<\/strong>. Pese a su juventud, declaraba en la rueda de prensa tras recibir el premio: \u201c<em>Como actriz s\u00e9 que no es f\u00e1cil poder escoger siempre proyectos que te gusten y que creas que son \u00fatiles para la sociedad, porque al final tienes que trabajar en algo. Yo estoy empezando y tambi\u00e9n s\u00e9 que tengo una idea de la profesi\u00f3n un poco ut\u00f3pica. Quiero hacer cine que sirva, que ense\u00f1e, que ayude, que haga pensar, no quiero hacer cine o proyectos que no sirven para nada. Pero tampoco quiero decir esto mucho porque s\u00e9 que te puedes encontrar en situaciones que te obligan a seguir otro tipo de carrera, y no juzgo ni nunca juzgar\u00eda a nadie que lo haga<\/em>\u201d.<\/li><\/ul>\n\n\n\n<div class=\"wp-block-image sangria\"><figure class=\"aligncenter is-resized\"><img loading=\"lazy\" decoding=\"async\" src=\"https:\/\/www.adictosaljetlag.com\/wp-content\/uploads\/2019\/11\/la-HijaDeUnLadron_GretaFerna\u0301ndez_conchaPlataMejorActriz-800x580.jpg\" alt=\"\" class=\"wp-image-2827\" width=\"502\" height=\"363\"\/><\/figure><\/div>\n\n\n\n<p class=\"sangria\">Esta pel\u00edcula tambi\u00e9n ha recibido dos reconocimientos paralelos. Por un lado el premio Blogos de Oro, y por otro la m\u00e1xima puntuaci\u00f3n (con solo una d\u00e9cima por encima de \u201cLa trinchera infinita\u201d) en la quiniela de El Diario Vasco en la que participan 9 cr\u00edticos de diferentes medios.<\/p>\n\n\n\n<div class=\"wp-block-image sangria\"><figure class=\"aligncenter is-resized\"><img loading=\"lazy\" decoding=\"async\" src=\"https:\/\/www.adictosaljetlag.com\/wp-content\/uploads\/2019\/11\/quinielaDiarioVasco-800x655.jpg\" alt=\"\" class=\"wp-image-2840\" width=\"658\" height=\"538\"\/><figcaption>Quiniela de El Diario Vasco<\/figcaption><\/figure><\/div>\n\n\n\n<ul><li><strong>Das Vorspiel \/ The Audition<\/strong> (Ina Weisse, 2019, Alemania).&nbsp;La actriz Nina Hoss tambi\u00e9n ha conseguido, ex aequo, la <strong>Concha de Plata a la Mejor Actriz<\/strong>.<\/li><\/ul>\n\n\n\n<div class=\"wp-block-image sangria\"><figure class=\"aligncenter is-resized\"><img loading=\"lazy\" decoding=\"async\" src=\"https:\/\/www.adictosaljetlag.com\/wp-content\/uploads\/2019\/11\/theAudition_NinaHoss_conchaPlataMejorActriz-800x557.jpg\" alt=\"\" class=\"wp-image-2825\" width=\"509\" height=\"354\"\/><figcaption>La actriz Nina Hoss con la Concha de Plata a mejor actriz<\/figcaption><\/figure><\/div>\n\n\n\n<ul><li><strong>Proxima<\/strong> (Alice Winocour, 2019, Francia). Premio Especial del Jurado.<\/li><\/ul>\n\n\n\n<div class=\"wp-block-image sangria\"><figure class=\"aligncenter is-resized\"><img loading=\"lazy\" decoding=\"async\" src=\"https:\/\/www.adictosaljetlag.com\/wp-content\/uploads\/2019\/11\/Proxima_AliceWinocour_premioEspecialJurado-800x554.jpg\" alt=\"\" class=\"wp-image-2824\" width=\"508\" height=\"351\"\/><figcaption>Alice Winocour con el Premio especial del Jurado<\/figcaption><\/figure><\/div>\n\n\n\n<p>Por \u00faltimo, para cerrar el repaso de la Secci\u00f3n Oficial y puesto que, a diferencia de otras secciones, en \u00e9sta no existe un premio del p\u00fablico, a nosotros nos gusta fijarnos tambi\u00e9n en el portal Filmaffinity, pero no solo durante el festival sino tambi\u00e9n durante los meses siguientes para ver c\u00f3mo evolucionan las pel\u00edculas en el circuito comercial posterior (o al menos las que tienen ocasi\u00f3n de recorrerlo). En este sentido, la siguiente imagen la iremos actualizando peri\u00f3dicamente en este mismo post:<\/p>\n\n\n\n<div class=\"wp-block-image\"><figure class=\"aligncenter is-resized\"><a href=\"https:\/\/www.filmaffinity.com\/es\/awards.php?award_id=ss&amp;year=2019\" target=\"_blank\" rel=\"\"><img loading=\"lazy\" decoding=\"async\" src=\"https:\/\/www.adictosaljetlag.com\/wp-content\/uploads\/2019\/11\/Captura-de-pantalla-2019-11-10-a-las-19.24.46-690x800.png\" alt=\"\" class=\"wp-image-2852\" width=\"438\" height=\"509\"\/><\/a><figcaption>\u00daltima actualizaci\u00f3n: 10 de noviembre de 2019. La trinchera infinita, La odisea de los giles, Mientras dure la guerra y Diecisiete, en este orden, son las pel\u00edculas mejor valoradas seg\u00fan Filmaffinity. Por cierto, aunque en diferente orden, tambi\u00e9n fueron nuestras 4 favoritas de la Secci\u00f3n Oficial durante la 67SSIFF <a href=\"https:\/\/www.adictosaljetlag.com\/index.php\/2019\/09\/29\/que-peliculas-de-67ssiff-volveriamos-a-ver\/\">https:\/\/www.adictosaljetlag.com\/index.php\/2019\/09\/29\/que-peliculas-de-67ssiff-volveriamos-a-ver\/<\/a><\/figcaption><\/figure><\/div>\n\n\n\n<h2 class=\"wp-block-heading\">Secci\u00f3n Perlas<\/h2>\n\n\n\n<ul><li><strong>Hors normes \/ The Specials<\/strong> (Olivier Nakache y Eric Toledano, 2019, Francia). <strong>Premio del P\u00fablico<\/strong><\/li><li><strong>Sorry we missed you<\/strong> (Ken Loach, 2019, Reino Unido).&nbsp;Premio del P\u00fablico a la Mejor Pel\u00edcula Europea<\/li><\/ul>\n\n\n\n<p>Como es habitual, cabe destacar el excelente nivel de esta secci\u00f3n este a\u00f1o, tal y como refleja la tabla de votaciones del p\u00fablico. De hecho, una de las mejores pel\u00edculas del a\u00f1o desde nuestro punto de vista y ganadora de la Palma de Oro en el Festival de Cine de Cannes, <strong>Parasite<\/strong> (Bong Joon-ho, 2019, Corea del Sur), ni siquiera ha quedado en tercera posici\u00f3n tras las galardonadas, sino que ha tenido que ceder ese puesto a <strong>Les Miserables<\/strong> (Ladj Ly, 2019, Francia), que por cierto gan\u00f3 ex aequo el Premio del Jurado (curiosamente el tercero en importancia) tambi\u00e9n en Cannes.<\/p>\n\n\n\n<div class=\"wp-block-image\"><figure class=\"aligncenter is-resized\"><img loading=\"lazy\" decoding=\"async\" src=\"https:\/\/www.adictosaljetlag.com\/wp-content\/uploads\/2019\/11\/votacionesPremioPublicoPerlas.jpg\" alt=\"\" class=\"wp-image-2829\" width=\"450\" height=\"488\"\/><\/figure><\/div>\n\n\n\n<h2 class=\"wp-block-heading\">Secci\u00f3n Nuevos Directores<\/h2>\n\n\n\n<ul><li><strong>Algunas bestias<\/strong> (Jorge Riquelme Serrano, 2019, Chile). <strong>Premio Jurado de Nuevos Directores<\/strong><\/li><li><strong>Las buenas intenciones<\/strong> (Ana Garc\u00eda Blaya, 2019, Argentina). <strong>Premio del P\u00fablico Joven<\/strong><\/li><\/ul>\n\n\n\n<p>Este a\u00f1o, jurado y p\u00fablico (al menos el joven) no pod\u00edan compartir criterios m\u00e1s distantes. La elegida por el jurado ha sido la pel\u00edcula con menor puntuaci\u00f3n (apenas un suficiente raspado) en la tabla del voto de la juventud:<\/p>\n\n\n\n<div class=\"wp-block-image\"><figure class=\"aligncenter is-resized\"><img loading=\"lazy\" decoding=\"async\" src=\"https:\/\/www.adictosaljetlag.com\/wp-content\/uploads\/2019\/11\/votacionesJuventudNuevosDirectores.jpg\" alt=\"\" class=\"wp-image-2830\" width=\"480\" height=\"550\"\/><\/figure><\/div>\n\n\n\n<h2 class=\"wp-block-heading\">Secci\u00f3n Horizontes Latinos<\/h2>\n\n\n\n<ul><li><strong>De nuevo otra vez<\/strong> (Romina Paula, 2019, Argentina). Premio Jurado Horizontes Latinos.<\/li><\/ul>\n\n\n\n<h2 class=\"wp-block-heading\">Secci\u00f3n Zabaltegi<\/h2>\n\n\n\n<ul><li><strong>Ich War Zuhause, Aber \/ I Was at Home, But<\/strong> (Angela Schanelec, 2019, Alemania). Premio Jurado Zabaltegi.<\/li><\/ul>\n","protected":false},"excerpt":{"rendered":"<p>Repaso a los premios y votaciones de la 67 edici\u00f3n del Festival Internacional de Cine de San Sebasti\u00e1n<\/p>\n","protected":false},"author":1,"featured_media":2835,"comment_status":"open","ping_status":"open","sticky":false,"template":"","format":"standard","meta":{"_acf_changed":false,"advgb_blocks_editor_width":"","advgb_blocks_columns_visual_guide":"","footnotes":""},"categories":[2],"tags":[36,256,257],"lugar":[],"acf":[],"author_meta":{"display_name":"adictos","author_link":"https:\/\/www.adictosaljetlag.com\/index.php\/author\/adictos\/"},"featured_img":"https:\/\/www.adictosaljetlag.com\/wp-content\/uploads\/2019\/09\/Pacificado_Portada-400x160.jpg","coauthors":[],"tax_additional":{"categories":{"linked":["<a href=\"https:\/\/www.adictosaljetlag.com\/index.php\/category\/cine\/\" class=\"advgb-post-tax-term\">Cine<\/a>"],"unlinked":["<span class=\"advgb-post-tax-term\">Cine<\/span>"]},"tags":{"linked":["<a href=\"https:\/\/www.adictosaljetlag.com\/index.php\/category\/cine\/\" class=\"advgb-post-tax-term\">Festival de cine de San Sebasti\u00e1n<\/a>","<a href=\"https:\/\/www.adictosaljetlag.com\/index.php\/category\/cine\/\" class=\"advgb-post-tax-term\">67SSIFF<\/a>","<a href=\"https:\/\/www.adictosaljetlag.com\/index.php\/category\/cine\/\" class=\"advgb-post-tax-term\">SSIFF<\/a>"],"unlinked":["<span class=\"advgb-post-tax-term\">Festival de cine de San Sebasti\u00e1n<\/span>","<span class=\"advgb-post-tax-term\">67SSIFF<\/span>","<span class=\"advgb-post-tax-term\">SSIFF<\/span>"]}},"comment_count":"0","relative_dates":{"created":"Publicado 7 a\u00f1os hace","modified":"Actualizado 6 a\u00f1os hace"},"absolute_dates":{"created":"Publicado el 30 septiembre, 2019","modified":"Actualizado el 22 diciembre, 2019"},"absolute_dates_time":{"created":"Publicado el 30 septiembre, 2019 4:02 pm","modified":"Actualizado el 22 diciembre, 2019 9:40 pm"},"featured_img_caption":"","series_order":"","rttpg_featured_image_url":{"full":["https:\/\/www.adictosaljetlag.com\/wp-content\/uploads\/2019\/09\/Pacificado_Portada.jpg",2534,1014,false],"landscape":["https:\/\/www.adictosaljetlag.com\/wp-content\/uploads\/2019\/09\/Pacificado_Portada.jpg",2534,1014,false],"portraits":["https:\/\/www.adictosaljetlag.com\/wp-content\/uploads\/2019\/09\/Pacificado_Portada.jpg",2534,1014,false],"thumbnail":["https:\/\/www.adictosaljetlag.com\/wp-content\/uploads\/2019\/09\/Pacificado_Portada-150x150.jpg",150,150,true],"medium":["https:\/\/www.adictosaljetlag.com\/wp-content\/uploads\/2019\/09\/Pacificado_Portada-400x160.jpg",400,160,true],"large":["https:\/\/www.adictosaljetlag.com\/wp-content\/uploads\/2019\/09\/Pacificado_Portada-800x320.jpg",676,270,true],"1536x1536":["https:\/\/www.adictosaljetlag.com\/wp-content\/uploads\/2019\/09\/Pacificado_Portada.jpg",1536,615,false],"2048x2048":["https:\/\/www.adictosaljetlag.com\/wp-content\/uploads\/2019\/09\/Pacificado_Portada.jpg",2048,820,false],"gg_gallery_thumbnail":["https:\/\/www.adictosaljetlag.com\/wp-content\/uploads\/2019\/09\/Pacificado_Portada-450x250.jpg",450,250,true],"extra-small":["https:\/\/www.adictosaljetlag.com\/wp-content\/uploads\/2019\/09\/Pacificado_Portada-187x75.jpg",187,75,true],"post-image-small":["https:\/\/www.adictosaljetlag.com\/wp-content\/uploads\/2019\/09\/Pacificado_Portada-400x160.jpg",400,160,true],"post-image":["https:\/\/www.adictosaljetlag.com\/wp-content\/uploads\/2019\/09\/Pacificado_Portada-676x271.jpg",676,271,true],"wpsso-schema-1x1":["https:\/\/www.adictosaljetlag.com\/wp-content\/uploads\/2019\/09\/Pacificado_Portada.jpg",2534,1014,false],"wpsso-schema-4x3":["https:\/\/www.adictosaljetlag.com\/wp-content\/uploads\/2019\/09\/Pacificado_Portada-1200x900.jpg",1200,900,true],"wpsso-schema-16x9":["https:\/\/www.adictosaljetlag.com\/wp-content\/uploads\/2019\/09\/Pacificado_Portada-1200x675.jpg",1200,675,true],"wpsso-thumbnail":["https:\/\/www.adictosaljetlag.com\/wp-content\/uploads\/2019\/09\/Pacificado_Portada-1200x628.jpg",1200,628,true],"wpsso-opengraph":["https:\/\/www.adictosaljetlag.com\/wp-content\/uploads\/2019\/09\/Pacificado_Portada-1200x628.jpg",1200,628,true],"wpsso-tc-summary":["https:\/\/www.adictosaljetlag.com\/wp-content\/uploads\/2019\/09\/Pacificado_Portada-600x600-cropped.jpg",600,600,true],"wpsso-tc-lrgimg":["https:\/\/www.adictosaljetlag.com\/wp-content\/uploads\/2019\/09\/Pacificado_Portada-1200x628.jpg",1200,628,true]},"rttpg_author":{"display_name":"adictos","author_link":"https:\/\/www.adictosaljetlag.com\/index.php\/author\/adictos\/"},"rttpg_comment":810,"rttpg_category":"<a href=\"https:\/\/www.adictosaljetlag.com\/index.php\/category\/cine\/\" rel=\"category tag\">Cine<\/a>","rttpg_excerpt":"Repaso a los premios y votaciones de la 67 edici\u00f3n del Festival Internacional de Cine de San Sebasti\u00e1n","_links":{"self":[{"href":"https:\/\/www.adictosaljetlag.com\/index.php\/wp-json\/wp\/v2\/posts\/2815"}],"collection":[{"href":"https:\/\/www.adictosaljetlag.com\/index.php\/wp-json\/wp\/v2\/posts"}],"about":[{"href":"https:\/\/www.adictosaljetlag.com\/index.php\/wp-json\/wp\/v2\/types\/post"}],"author":[{"embeddable":true,"href":"https:\/\/www.adictosaljetlag.com\/index.php\/wp-json\/wp\/v2\/users\/1"}],"replies":[{"embeddable":true,"href":"https:\/\/www.adictosaljetlag.com\/index.php\/wp-json\/wp\/v2\/comments?post=2815"}],"version-history":[{"count":21,"href":"https:\/\/www.adictosaljetlag.com\/index.php\/wp-json\/wp\/v2\/posts\/2815\/revisions"}],"predecessor-version":[{"id":2997,"href":"https:\/\/www.adictosaljetlag.com\/index.php\/wp-json\/wp\/v2\/posts\/2815\/revisions\/2997"}],"wp:featuredmedia":[{"embeddable":true,"href":"https:\/\/www.adictosaljetlag.com\/index.php\/wp-json\/wp\/v2\/media\/2835"}],"wp:attachment":[{"href":"https:\/\/www.adictosaljetlag.com\/index.php\/wp-json\/wp\/v2\/media?parent=2815"}],"wp:term":[{"taxonomy":"category","embeddable":true,"href":"https:\/\/www.adictosaljetlag.com\/index.php\/wp-json\/wp\/v2\/categories?post=2815"},{"taxonomy":"post_tag","embeddable":true,"href":"https:\/\/www.adictosaljetlag.com\/index.php\/wp-json\/wp\/v2\/tags?post=2815"},{"taxonomy":"lugar","embeddable":true,"href":"https:\/\/www.adictosaljetlag.com\/index.php\/wp-json\/wp\/v2\/lugar?post=2815"}],"curies":[{"name":"wp","href":"https:\/\/api.w.org\/{rel}","templated":true}]}}