{"id":2737,"date":"2019-09-27T21:06:12","date_gmt":"2019-09-27T19:06:12","guid":{"rendered":"https:\/\/www.adictosaljetlag.com\/?p=2737"},"modified":"2019-11-02T22:54:09","modified_gmt":"2019-11-02T21:54:09","slug":"daniel-sanchez-arevalo-en-la-67ssiff-la-llegada-de-las-plataformas-ha-puesto-foco-en-los-creadores-de-historias","status":"publish","type":"post","link":"https:\/\/www.adictosaljetlag.com\/index.php\/2019\/09\/27\/daniel-sanchez-arevalo-en-la-67ssiff-la-llegada-de-las-plataformas-ha-puesto-foco-en-los-creadores-de-historias\/","title":{"rendered":"Daniel S\u00e1nchez Ar\u00e9valo en la 67SSIFF: \u201cLa llegada de las plataformas ha puesto foco en los creadores de historias\u201d"},"content":{"rendered":"\n<p>El guionista, novelista y director presentaba &#8220;<strong>Diecisiete<\/strong>&#8221; (fuera de concurso) en la Secci\u00f3n Oficial de esta 67 edici\u00f3n del Festival Internacional de Cine de San Sebasti\u00e1n, \u201c<em>una historia sencilla, sentida, desnuda, con un gui\u00f3n de muy pocos ingredientes y de una sola l\u00ednea argumental que no pretende forzar nada<\/em>\u201d. En palabras del cineasta \u201c<em>esto es algo a lo que s\u00f3lo me he atrevido ahora siendo m\u00e1s mayor, no s\u00e9 si m\u00e1s maduro, pero s\u00ed m\u00e1s mayor. Mis pel\u00edculas anteriores son bastante m\u00e1s abigarradas, con muchas tramas y muchos personajes, cosas a las que agarrarte para el \u201csi esto no te gusta, no te preocupes que tengo otra\u201d<\/em>\u201d. Al ser preguntado por sus referentes, S\u00e1nchez Ar\u00e9valo menciona \u201cEl Apartamento\u201d de Billy Wilder como \u201c<em>la cumbre del arte de mezclar comedia y drama<\/em>\u201d, y el cine inclasificable de Alexander Payne (&#8220;Nebraska&#8221;, &#8220;Entre copas&#8221;, &#8220;Los descendientes&#8221;) \u201c<em>como un cine muy pegado a la vida y a la realidad, que sabe jugar con los g\u00e9neros<\/em>\u201d. Y es que el director confiesa que \u201c<em>a lo \u00fanico que aspiro como cineasta es a intentar hacerme mejor en el oficio de contar historias, es lo que m\u00e1s me gusta como espectador y, por tanto, es lo que quiero hacer como director<\/em>\u201d.<\/p>\n\n\n\n<div class=\"wp-block-image\"><figure class=\"aligncenter is-resized\"><img loading=\"lazy\" decoding=\"async\" src=\"https:\/\/www.adictosaljetlag.com\/wp-content\/uploads\/2019\/10\/danielSanchezArevalo_SSIFF-800x594.jpg\" alt=\"\" class=\"wp-image-2741\" width=\"567\" height=\"421\"\/><figcaption>Daniel S\u00e1nchez Ar\u00e9valo durante la rueda de prensa de Diecisiete<\/figcaption><\/figure><\/div>\n\n\n\n<p>De hecho, respecto a esa mezcla buscada de comedia y drama, el actor coprotagonista Nacho S\u00e1nchez incide en que \u201c<em>una de las claves durante el rodaje fue que en ning\u00fan momento tuvimos la sensaci\u00f3n de estar interpretando una comedia<\/em>\u201d. Uno de los temas tratados en el film es la relaci\u00f3n entre hermano mayor y hermano peque\u00f1o. Algo que, en cierta medida, trascendi\u00f3 a la propia ficci\u00f3n. S\u00e1nchez reconoce que \u201c<em>fue algo inevitable que durante el rodaje acabase tratando a Biel como mi hermano peque\u00f1o. Trabajamos con Daniel durante 2 meses previos al rodaje a base de sesiones de improvisaci\u00f3n en las que se establecieron esos roles y v\u00ednculos. Adem\u00e1s, ya sobre el gui\u00f3n, tambi\u00e9n pudimos contar con cierta libertad creativa para incluir cosas que pens\u00e1bamos eran propias de los personajes<\/em>\u201d. Oyendo hablar a la pareja de actores noveles, y a la vista del buen resultado en la pantalla, S\u00e1nchez Ar\u00e9valo no puede evitar reconocer \u201c<em>sentirse muy orgulloso de haberles podido dar con esta pel\u00edcula un veh\u00edculo para que despeguen y comiencen a volar como actores, y sobre todo, haber sido testigo de ello<\/em>\u201d.<\/p>\n\n\n\n<p>&#8220;Diecisiete&#8221; ha recibido una muy buena acogida tanto por cr\u00edtica y p\u00fablico del festival, que anticipa su \u00e9xito (acotado, en cierta medida para aspirar a los Goya) en salas comerciales (4 de octubre) pero, sobre todo y como suele ser habitual en este tipo de lanzamientos, en la plataforma digital que la ha producido (18 de octubre). En este sentido, el director solo tiene buenas palabras para Netflix. \u201c<em>Leyeron el gui\u00f3n y autom\u00e1ticamente me dijeron que lo \u00fanico que quer\u00edan era preservar mi mirada en la pel\u00edcula. La relaci\u00f3n ha sido maravillosa, tanto a nivel creativo como a nivel de producci\u00f3n, donde entendieron que hacer una pel\u00edcula peque\u00f1a no es necesariamente hacer una pel\u00edcula barata. Ha ocurrido algo my bonito con la llegada de las plataformas, y es que se ha puesto foco en los creadores, en los contadores de historias, y en el respeto por el proceso creativo<\/em>\u201d. Al ser preguntado por el debate acerca del modelo de convivencia entre la distribuci\u00f3n en salas y las plataformas digitales, S\u00e1nchez Ar\u00e9valo subraya que \u201c<em>el mundo est\u00e1 cambiando y la manera de consumir ficci\u00f3n tambi\u00e9n\u2026 por desgracia es un hecho que la gente va poco al cine, y es algo que me da rabia porque yo voy todas las semanas ya que me encanta la experiencia de ver una pel\u00edcula en pantalla grande. Pero tambi\u00e9n tengo cuenta de Netflix, de hecho tengo dos porque tengo a toda la familia, incluido Antonio de la Torre, que es como mi hermano<\/em>\u201d, bromea S\u00e1nchez Ar\u00e9valo, que concluye con que \u201c<em>mi fantas\u00eda es que puedan convivir ambos modelos, y creo que se puede conseguir<\/em>\u201d.<\/p>\n\n\n\n<div class=\"wp-block-columns has-2-columns is-layout-flex wp-container-core-columns-layout-1 wp-block-columns-is-layout-flex\">\n<div class=\"wp-block-column is-layout-flow wp-block-column-is-layout-flow\">\n<figure class=\"wp-block-image\"><img loading=\"lazy\" decoding=\"async\" width=\"800\" height=\"751\" src=\"https:\/\/www.adictosaljetlag.com\/wp-content\/uploads\/2019\/10\/bielMontoro_Diecisiete-800x751.jpg\" alt=\"\" class=\"wp-image-2743\"\/><figcaption>Biel Montoro en la rueda de prensa de Diecisiete<\/figcaption><\/figure>\n<\/div>\n\n\n\n<div class=\"wp-block-column is-layout-flow wp-block-column-is-layout-flow\">\n<figure class=\"wp-block-image\"><img loading=\"lazy\" decoding=\"async\" width=\"800\" height=\"750\" src=\"https:\/\/www.adictosaljetlag.com\/wp-content\/uploads\/2019\/10\/ignacioSanchez_Diecisiete-800x750.jpg\" alt=\"\" class=\"wp-image-2742\"\/><figcaption>Nacho S\u00e1nchez <em>en la rueda de prensa de Diecisiete<\/em><\/figcaption><\/figure>\n<\/div>\n<\/div>\n\n\n\n<p>La pel\u00edcula ha sido rodada durante 8 semanas con un equipo de primer nivel en Cantabria, que el director lleg\u00f3 a considerar su \u201crefugio\u201d, y es que aunque madrile\u00f1o de nacimiento \u201cpor accidente\u201d, S\u00e1nchez Ar\u00e9valo dice \u201c<em>llevar la regi\u00f3n c\u00e1ntabra en la sangre<\/em>\u201d.&nbsp;<\/p>\n\n\n\n<p>Respecto a otro de los temas tratados a trav\u00e9s de la relaci\u00f3n de uno de los hermanos con su perro, la pel\u00edcula es una declaraci\u00f3n de intenciones por la defensa de los animales, ya que \u201c<em>la primera decisi\u00f3n que tomamos fue la de que todos los perros que apareciesen viniesen de protectoras, con nuestro compromiso de encontrarles una nueva familia tras al rodaje<\/em>\u201d. Una decisi\u00f3n que adem\u00e1s contribuy\u00f3 a que el v\u00ednculo que surgiese entre el protagonista y el animal fuese de verdad y menos artificial al que se lograr\u00eda con \u201c<em>perros adiestrados y resabiados<\/em>\u201d. De hecho, el actor Biel Montoro, que tras\u00a0las 11 horas de cada jornada de rodaje continuaba trabajando\u00a0 el entrenamiento con su perro, cataloga el vinculo establecido durante ese tiempo como \u201cindisoluble\u201d y ha acabado adoptando a su compa\u00f1ero canino, y s\u00ed, le ha mantenido el nombre \u201coveja\u201d.<\/p>\n","protected":false},"excerpt":{"rendered":"<p>El guionista, novelista y director presentaba &#8220;Diecisiete&#8221; (fuera de concurso) en la Secci\u00f3n Oficial de esta 67 edici\u00f3n del Festival Internacional de Cine de San Sebasti\u00e1n, \u201cuna historia sencilla, sentida, desnuda, con un gui\u00f3n de muy pocos ingredientes y de una sola l\u00ednea argumental que no pretende forzar nada\u201d. En palabras del cineasta \u201cesto es [&hellip;]<\/p>\n","protected":false},"author":1,"featured_media":2744,"comment_status":"open","ping_status":"open","sticky":false,"template":"","format":"standard","meta":{"_acf_changed":false,"advgb_blocks_editor_width":"","advgb_blocks_columns_visual_guide":"","footnotes":""},"categories":[2],"tags":[36,256,257,260],"lugar":[],"acf":[],"author_meta":{"display_name":"adictos","author_link":"https:\/\/www.adictosaljetlag.com\/index.php\/author\/adictos\/"},"featured_img":"https:\/\/www.adictosaljetlag.com\/wp-content\/uploads\/2019\/10\/diecisiete-400x160.jpg","coauthors":[],"tax_additional":{"categories":{"linked":["<a href=\"https:\/\/www.adictosaljetlag.com\/index.php\/category\/cine\/\" class=\"advgb-post-tax-term\">Cine<\/a>"],"unlinked":["<span class=\"advgb-post-tax-term\">Cine<\/span>"]},"tags":{"linked":["<a href=\"https:\/\/www.adictosaljetlag.com\/index.php\/category\/cine\/\" class=\"advgb-post-tax-term\">Festival de cine de San Sebasti\u00e1n<\/a>","<a href=\"https:\/\/www.adictosaljetlag.com\/index.php\/category\/cine\/\" class=\"advgb-post-tax-term\">67SSIFF<\/a>","<a href=\"https:\/\/www.adictosaljetlag.com\/index.php\/category\/cine\/\" class=\"advgb-post-tax-term\">SSIFF<\/a>","<a href=\"https:\/\/www.adictosaljetlag.com\/index.php\/category\/cine\/\" class=\"advgb-post-tax-term\">Netflix<\/a>"],"unlinked":["<span class=\"advgb-post-tax-term\">Festival de cine de San Sebasti\u00e1n<\/span>","<span class=\"advgb-post-tax-term\">67SSIFF<\/span>","<span class=\"advgb-post-tax-term\">SSIFF<\/span>","<span class=\"advgb-post-tax-term\">Netflix<\/span>"]}},"comment_count":"0","relative_dates":{"created":"Publicado 7 a\u00f1os hace","modified":"Actualizado 6 a\u00f1os hace"},"absolute_dates":{"created":"Publicado el 27 septiembre, 2019","modified":"Actualizado el 2 noviembre, 2019"},"absolute_dates_time":{"created":"Publicado el 27 septiembre, 2019 9:06 pm","modified":"Actualizado el 2 noviembre, 2019 10:54 pm"},"featured_img_caption":"","series_order":"","rttpg_featured_image_url":{"full":["https:\/\/www.adictosaljetlag.com\/wp-content\/uploads\/2019\/10\/diecisiete.jpg",1600,640,false],"landscape":["https:\/\/www.adictosaljetlag.com\/wp-content\/uploads\/2019\/10\/diecisiete.jpg",1600,640,false],"portraits":["https:\/\/www.adictosaljetlag.com\/wp-content\/uploads\/2019\/10\/diecisiete.jpg",1600,640,false],"thumbnail":["https:\/\/www.adictosaljetlag.com\/wp-content\/uploads\/2019\/10\/diecisiete-150x150.jpg",150,150,true],"medium":["https:\/\/www.adictosaljetlag.com\/wp-content\/uploads\/2019\/10\/diecisiete-400x160.jpg",400,160,true],"large":["https:\/\/www.adictosaljetlag.com\/wp-content\/uploads\/2019\/10\/diecisiete-800x320.jpg",676,270,true],"1536x1536":["https:\/\/www.adictosaljetlag.com\/wp-content\/uploads\/2019\/10\/diecisiete.jpg",1536,614,false],"2048x2048":["https:\/\/www.adictosaljetlag.com\/wp-content\/uploads\/2019\/10\/diecisiete.jpg",1600,640,false],"gg_gallery_thumbnail":["https:\/\/www.adictosaljetlag.com\/wp-content\/uploads\/2019\/10\/diecisiete-450x250.jpg",450,250,true],"extra-small":["https:\/\/www.adictosaljetlag.com\/wp-content\/uploads\/2019\/10\/diecisiete-188x75.jpg",188,75,true],"post-image-small":["https:\/\/www.adictosaljetlag.com\/wp-content\/uploads\/2019\/10\/diecisiete-400x160.jpg",400,160,true],"post-image":["https:\/\/www.adictosaljetlag.com\/wp-content\/uploads\/2019\/10\/diecisiete-676x270.jpg",676,270,true],"wpsso-schema-1x1":["https:\/\/www.adictosaljetlag.com\/wp-content\/uploads\/2019\/10\/diecisiete.jpg",1600,640,false],"wpsso-schema-4x3":["https:\/\/www.adictosaljetlag.com\/wp-content\/uploads\/2019\/10\/diecisiete.jpg",1600,640,false],"wpsso-schema-16x9":["https:\/\/www.adictosaljetlag.com\/wp-content\/uploads\/2019\/10\/diecisiete.jpg",1600,640,false],"wpsso-thumbnail":["https:\/\/www.adictosaljetlag.com\/wp-content\/uploads\/2019\/10\/diecisiete-1200x628.jpg",1200,628,true],"wpsso-opengraph":["https:\/\/www.adictosaljetlag.com\/wp-content\/uploads\/2019\/10\/diecisiete-1200x628.jpg",1200,628,true],"wpsso-tc-summary":["https:\/\/www.adictosaljetlag.com\/wp-content\/uploads\/2019\/10\/diecisiete-600x600-cropped.jpg",600,600,true],"wpsso-tc-lrgimg":["https:\/\/www.adictosaljetlag.com\/wp-content\/uploads\/2019\/10\/diecisiete-1200x628.jpg",1200,628,true]},"rttpg_author":{"display_name":"adictos","author_link":"https:\/\/www.adictosaljetlag.com\/index.php\/author\/adictos\/"},"rttpg_comment":57,"rttpg_category":"<a href=\"https:\/\/www.adictosaljetlag.com\/index.php\/category\/cine\/\" rel=\"category tag\">Cine<\/a>","rttpg_excerpt":"El guionista, novelista y director presentaba &#8220;Diecisiete&#8221; (fuera de concurso) en la Secci\u00f3n Oficial de esta 67 edici\u00f3n del Festival Internacional de Cine de San Sebasti\u00e1n, \u201cuna historia sencilla, sentida, desnuda, con un gui\u00f3n de muy pocos ingredientes y de una sola l\u00ednea argumental que no pretende forzar nada\u201d. En palabras del cineasta \u201cesto es&hellip;","_links":{"self":[{"href":"https:\/\/www.adictosaljetlag.com\/index.php\/wp-json\/wp\/v2\/posts\/2737"}],"collection":[{"href":"https:\/\/www.adictosaljetlag.com\/index.php\/wp-json\/wp\/v2\/posts"}],"about":[{"href":"https:\/\/www.adictosaljetlag.com\/index.php\/wp-json\/wp\/v2\/types\/post"}],"author":[{"embeddable":true,"href":"https:\/\/www.adictosaljetlag.com\/index.php\/wp-json\/wp\/v2\/users\/1"}],"replies":[{"embeddable":true,"href":"https:\/\/www.adictosaljetlag.com\/index.php\/wp-json\/wp\/v2\/comments?post=2737"}],"version-history":[{"count":10,"href":"https:\/\/www.adictosaljetlag.com\/index.php\/wp-json\/wp\/v2\/posts\/2737\/revisions"}],"predecessor-version":[{"id":2790,"href":"https:\/\/www.adictosaljetlag.com\/index.php\/wp-json\/wp\/v2\/posts\/2737\/revisions\/2790"}],"wp:featuredmedia":[{"embeddable":true,"href":"https:\/\/www.adictosaljetlag.com\/index.php\/wp-json\/wp\/v2\/media\/2744"}],"wp:attachment":[{"href":"https:\/\/www.adictosaljetlag.com\/index.php\/wp-json\/wp\/v2\/media?parent=2737"}],"wp:term":[{"taxonomy":"category","embeddable":true,"href":"https:\/\/www.adictosaljetlag.com\/index.php\/wp-json\/wp\/v2\/categories?post=2737"},{"taxonomy":"post_tag","embeddable":true,"href":"https:\/\/www.adictosaljetlag.com\/index.php\/wp-json\/wp\/v2\/tags?post=2737"},{"taxonomy":"lugar","embeddable":true,"href":"https:\/\/www.adictosaljetlag.com\/index.php\/wp-json\/wp\/v2\/lugar?post=2737"}],"curies":[{"name":"wp","href":"https:\/\/api.w.org\/{rel}","templated":true}]}}