{"id":1347,"date":"2016-11-02T11:40:29","date_gmt":"2016-11-02T10:40:29","guid":{"rendered":"http:\/\/www.adictosaljetlag.com\/?p=1347"},"modified":"2017-09-17T21:37:24","modified_gmt":"2017-09-17T19:37:24","slug":"la-61-seminci-reconcilia-a-publico-y-jurado","status":"publish","type":"post","link":"https:\/\/www.adictosaljetlag.com\/index.php\/2016\/11\/02\/la-61-seminci-reconcilia-a-publico-y-jurado\/","title":{"rendered":"La 61 SEMINCI reconcilia a p\u00fablico y jurado"},"content":{"rendered":"<p>La edici\u00f3n de este a\u00f1o de la <strong>SEMINCI<\/strong> se inauguraba con una gran ovaci\u00f3n, inesperada viniendo de un p\u00fablico habitualmente muy exigente para este tipo de expresiones, tras el primer pase de la \u00f3pera prima \u201c<strong>Las furias<\/strong>\u201d de Miguel del Arco, y una llen\u00edsima rueda de prensa posterior.<\/p>\n<div id=\"attachment_1349\" style=\"width: 310px\" class=\"wp-caption aligncenter\"><a href=\"https:\/\/adictosaljetlag.com\/wp-content\/uploads\/2016\/11\/ruedaPrensaLasFurias_61Seminci-e1505642041404.jpg\"><img loading=\"lazy\" decoding=\"async\" aria-describedby=\"caption-attachment-1349\" class=\"wp-image-1349 size-medium\" title=\"Rueda de prensa de la pel\u00edcula &quot;Las Furias&quot;\" src=\"https:\/\/adictosaljetlag.com\/wp-content\/uploads\/2016\/11\/ruedaPrensaLasFurias_61Seminci-e1505642041404-300x400.jpg\" alt=\"\" width=\"300\" height=\"400\" data-wp-pid=\"1349\" \/><\/a><p id=\"caption-attachment-1349\" class=\"wp-caption-text\">Rueda de prensa de la pel\u00edcula &#8220;Las furias&#8221;<\/p><\/div>\n<p>El segundo d\u00eda se proyect\u00f3 la que para nosotros ha sido la pel\u00edcula de la Semana: \u201c<strong>El ciudadano ilustre<\/strong>\u201d, protagonizada por \u00d3scar Mart\u00ednez, con una excelente acogida entre p\u00fablico, cr\u00edtica y jurado. Es Literatura en el Cine, con may\u00fasculas. Con una atm\u00f3sfera envolvente y perturbadora, \u201c<em>la pel\u00edcula obliga a los argentinos a mirarse al espejo tras los \u00faltimos 10 a\u00f1os de nuestra historia<\/em>\u201d, aseguraba uno de sus directores en rueda de prensa. Aun as\u00ed, ha tenido que conformarse con una dign\u00edsima segunda posici\u00f3n tanto para el jurado, cosechando la <strong>Espiga de Plata<\/strong> de la Semana, como para el p\u00fablico (con una puntuaci\u00f3n media de 4,3 sobre 5, a 1 d\u00e9cima de la ganadora \u201cLocas de Alegr\u00eda\u201d). Eso s\u00ed, a juicio de los cr\u00edticos de \u201cEl Norte de Castilla\u201d, el film ha resultado el mejor valorado de la Secci\u00f3n Oficial. Y su <strong>Premio &#8220;Miguel Delibes&#8221; al Mejor Gui\u00f3n<\/strong> ha sido indiscutible.<!--more--><\/p>\n<div id=\"attachment_1351\" style=\"width: 449px\" class=\"wp-caption aligncenter\"><a href=\"https:\/\/adictosaljetlag.com\/wp-content\/uploads\/2016\/11\/juicioCriticosNorteCastilla_61Seminci.jpg\"><img loading=\"lazy\" decoding=\"async\" aria-describedby=\"caption-attachment-1351\" class=\"wp-image-1351 \" src=\"https:\/\/adictosaljetlag.com\/wp-content\/uploads\/2016\/11\/juicioCriticosNorteCastilla_61Seminci-597x800.jpg\" alt=\"\" width=\"439\" height=\"589\" data-wp-pid=\"1351\" \/><\/a><p id=\"caption-attachment-1351\" class=\"wp-caption-text\">El juicio de los cr\u00edticos de &#8220;El Norte de Castilla&#8221;<\/p><\/div>\n<p>Y efectivamente, la clara triunfadora del palmar\u00e9s de esta edici\u00f3n ha sido la italiana \u201c<strong>Locas de alegr\u00eda<\/strong>\u201d, logrando el m\u00e1ximo reconocimiento del jurado, y el del p\u00fablico en el \u00faltimo momento (de hecho las votaciones del \u00faltimo d\u00eda trastocaron el resultado publicado en la versi\u00f3n impresa de la revista de la Semana). A la <strong>Espiga de Oro<\/strong> y el <strong>Premio del P\u00fablico<\/strong>, el film ha sumado el Premio a la <strong>Mejor Actriz<\/strong> (ex aequo para las 2 protagonistas), a pesar de representar en nuestra opini\u00f3n unos personajes algo estilizados y con ciertas dosis de humor simple.<\/p>\n<p>La Secci\u00f3n Oficial ha acogido algunos ejercicios bastante meritorios como la egipcia \u201c<strong>Eshtebak<\/strong>\u201d (\u201cClash\u201d). Con un ajustado presupuesto, es capaz de reflejar h\u00e1bilmente los complejos conflictos sociales acontecidos durante la Primavera \u00c1rabe en ese pa\u00eds, aunque seg\u00fan avanza el metraje parece ofrecer una versi\u00f3n algo edulcorada de los l\u00edmites del fanatismo. Aun as\u00ed, el largometraje ha cosechado merecidamente varios premios: el <strong>Premio Sociograph<\/strong> a la pel\u00edcula m\u00e1s impactante, el Premio a la <strong>Mejor Fotograf\u00eda<\/strong> y el <strong>Premio \u201cPilar Mir\u00f3\u201d al Mejor Nuevo Director<\/strong>.<\/p>\n<p>Digna de menci\u00f3n tambi\u00e9n resulta \u201c<strong>Les innocentes<\/strong>\u201d. Formal drama hist\u00f3rico ambientado en un convento cat\u00f3lico de la Polonia comunista tras la IIGM. Correcta y contenida, la pel\u00edcula ha recibido el <strong>Premio FIPRESCI de la Cr\u00edtica<\/strong>. Y \u201c<strong>Maravillosa familia de Tokio<\/strong>\u201d, simp\u00e1tica comedia con la habitual dosis de ternura de Yoji Yamada que, sin ser para palmar\u00e9s, se agradece en Secci\u00f3n Oficial.<\/p>\n<p>El resto del palmar\u00e9s lo han completado trabajos m\u00e1s discretos desde nuestro punto de vista: \u201c<strong>Madre solo hay una<\/strong>\u201d (Premios al <strong>Mejor Director<\/strong>, <strong>Mejor Actor<\/strong> y\u00a0<strong>Espiga Arco Iris<\/strong>), \u201c<strong>Forushande<\/strong>\u201d\/\u201dThe Salesman\u201d (<strong>Premio de la Juventud<\/strong> <strong>en Secci\u00f3n Oficial<\/strong>), \u201c<strong>Gulistan<\/strong>\u201d (<strong>Primer Premio en Tiempo de Historia<\/strong>, compartido con &#8220;<strong>Shadow World<\/strong>&#8220;),\u00a0&#8220;<strong>Deja de mirar mi plato<\/strong>&#8221; (Premio <strong>Mejor Pel\u00edcula en Punto de Encuentro<\/strong>), &#8220;<strong>Junction 48<\/strong>&#8221; (<strong>Premio del P\u00fablico en Punto de Encuentro<\/strong>) y \u201c<strong>La \u00faltima tarde<\/strong>\u201d (<strong>Premio de la Juventud en Punto de Encuentro<\/strong>).<\/p>\n<p>En la secci\u00f3n de cortometrajes, para nosotros ha destacado \u201c<strong>The eleven o\u2019clock<\/strong>\u201d, protagonizado por la mejor versi\u00f3n de Josh Lawson en \u201cHouse of Lies\u201d. No obstante, la <strong>Espiga de Oro<\/strong> en esta categor\u00eda la ha cosechado Daniel S\u00e1nchez Ar\u00e9valo por su excelente \u201c<strong>Cheimaphobia<\/strong>\u201d (ex-aequo con &#8220;<strong>All Silenzio<\/strong>&#8220;).<\/p>\n<p>Al cierre de esta edici\u00f3n, hacemos un balance desde <strong><em>adictosaljetlag<\/em><\/strong> de asistencia a casi 20 proyecciones (entre Secci\u00f3n Oficial, Punto de Encuentro y Tiempo de Historia) en diferentes salas (Calder\u00f3n, Carri\u00f3n y Broadway), felicitando y agradeciendo a la organizaci\u00f3n de la Semana, y sum\u00e1ndonos a la protesta con la que cerraba su director J. Angulo: &#8220;<em>este a\u00f1o hemos llegado a los 90.000 espectadores, pese al atropello de coincidir 3 d\u00edas con la Fiesta del Cine<\/em>\u201d, algo sobre lo que sin duda habr\u00e1 que tomar nota en pr\u00f3xima ediciones.<\/p>\n","protected":false},"excerpt":{"rendered":"<p>La edici\u00f3n de este a\u00f1o de la SEMINCI se inauguraba con una gran ovaci\u00f3n, inesperada viniendo de un p\u00fablico habitualmente muy exigente para este tipo de expresiones, tras el primer pase de la \u00f3pera prima \u201cLas furias\u201d de Miguel del Arco, y una llen\u00edsima rueda de prensa posterior. El segundo d\u00eda se proyect\u00f3 la que [&hellip;]<\/p>\n","protected":false},"author":1,"featured_media":1355,"comment_status":"open","ping_status":"open","sticky":false,"template":"","format":"standard","meta":{"_acf_changed":false,"advgb_blocks_editor_width":"","advgb_blocks_columns_visual_guide":"","footnotes":""},"categories":[2],"tags":[],"lugar":[],"acf":[],"author_meta":{"display_name":"adictos","author_link":"https:\/\/www.adictosaljetlag.com\/index.php\/author\/adictos\/"},"featured_img":"https:\/\/www.adictosaljetlag.com\/wp-content\/uploads\/2016\/11\/Acreditaciones61Seminci-400x185.jpg","coauthors":[],"tax_additional":{"categories":{"linked":["<a href=\"https:\/\/www.adictosaljetlag.com\/index.php\/category\/cine\/\" class=\"advgb-post-tax-term\">Cine<\/a>"],"unlinked":["<span class=\"advgb-post-tax-term\">Cine<\/span>"]}},"comment_count":"0","relative_dates":{"created":"Publicado 9 a\u00f1os hace","modified":"Actualizado 9 a\u00f1os hace"},"absolute_dates":{"created":"Publicado el 2 noviembre, 2016","modified":"Actualizado el 17 septiembre, 2017"},"absolute_dates_time":{"created":"Publicado el 2 noviembre, 2016 11:40 am","modified":"Actualizado el 17 septiembre, 2017 9:37 pm"},"featured_img_caption":"Acreditaciones de la 61 Seminci","series_order":"","rttpg_featured_image_url":{"full":["https:\/\/www.adictosaljetlag.com\/wp-content\/uploads\/2016\/11\/Acreditaciones61Seminci.jpg",2448,1135,false],"landscape":["https:\/\/www.adictosaljetlag.com\/wp-content\/uploads\/2016\/11\/Acreditaciones61Seminci.jpg",2448,1135,false],"portraits":["https:\/\/www.adictosaljetlag.com\/wp-content\/uploads\/2016\/11\/Acreditaciones61Seminci.jpg",2448,1135,false],"thumbnail":["https:\/\/www.adictosaljetlag.com\/wp-content\/uploads\/2016\/11\/Acreditaciones61Seminci-150x150.jpg",150,150,true],"medium":["https:\/\/www.adictosaljetlag.com\/wp-content\/uploads\/2016\/11\/Acreditaciones61Seminci-400x185.jpg",400,185,true],"large":["https:\/\/www.adictosaljetlag.com\/wp-content\/uploads\/2016\/11\/Acreditaciones61Seminci-800x371.jpg",676,313,true],"1536x1536":["https:\/\/www.adictosaljetlag.com\/wp-content\/uploads\/2016\/11\/Acreditaciones61Seminci.jpg",1536,712,false],"2048x2048":["https:\/\/www.adictosaljetlag.com\/wp-content\/uploads\/2016\/11\/Acreditaciones61Seminci.jpg",2048,950,false],"gg_gallery_thumbnail":["https:\/\/www.adictosaljetlag.com\/wp-content\/uploads\/2016\/11\/Acreditaciones61Seminci-450x250.jpg",450,250,true],"extra-small":["https:\/\/www.adictosaljetlag.com\/wp-content\/uploads\/2016\/11\/Acreditaciones61Seminci-162x75.jpg",162,75,true],"post-image-small":["https:\/\/www.adictosaljetlag.com\/wp-content\/uploads\/2016\/11\/Acreditaciones61Seminci-400x185.jpg",400,185,true],"post-image":["https:\/\/www.adictosaljetlag.com\/wp-content\/uploads\/2016\/11\/Acreditaciones61Seminci-676x313.jpg",676,313,true],"wpsso-schema-1x1":["https:\/\/www.adictosaljetlag.com\/wp-content\/uploads\/2016\/11\/Acreditaciones61Seminci.jpg",2448,1135,false],"wpsso-schema-4x3":["https:\/\/www.adictosaljetlag.com\/wp-content\/uploads\/2016\/11\/Acreditaciones61Seminci-1200x900.jpg",1200,900,true],"wpsso-schema-16x9":["https:\/\/www.adictosaljetlag.com\/wp-content\/uploads\/2016\/11\/Acreditaciones61Seminci-1200x675.jpg",1200,675,true],"wpsso-thumbnail":["https:\/\/www.adictosaljetlag.com\/wp-content\/uploads\/2016\/11\/Acreditaciones61Seminci-1200x628.jpg",1200,628,true],"wpsso-opengraph":["https:\/\/www.adictosaljetlag.com\/wp-content\/uploads\/2016\/11\/Acreditaciones61Seminci-1200x628.jpg",1200,628,true],"wpsso-tc-summary":["https:\/\/www.adictosaljetlag.com\/wp-content\/uploads\/2016\/11\/Acreditaciones61Seminci-600x600-cropped.jpg",600,600,true],"wpsso-tc-lrgimg":["https:\/\/www.adictosaljetlag.com\/wp-content\/uploads\/2016\/11\/Acreditaciones61Seminci-1200x628.jpg",1200,628,true]},"rttpg_author":{"display_name":"adictos","author_link":"https:\/\/www.adictosaljetlag.com\/index.php\/author\/adictos\/"},"rttpg_comment":12,"rttpg_category":"<a href=\"https:\/\/www.adictosaljetlag.com\/index.php\/category\/cine\/\" rel=\"category tag\">Cine<\/a>","rttpg_excerpt":"La edici\u00f3n de este a\u00f1o de la SEMINCI se inauguraba con una gran ovaci\u00f3n, inesperada viniendo de un p\u00fablico habitualmente muy exigente para este tipo de expresiones, tras el primer pase de la \u00f3pera prima \u201cLas furias\u201d de Miguel del Arco, y una llen\u00edsima rueda de prensa posterior. El segundo d\u00eda se proyect\u00f3 la que&hellip;","_links":{"self":[{"href":"https:\/\/www.adictosaljetlag.com\/index.php\/wp-json\/wp\/v2\/posts\/1347"}],"collection":[{"href":"https:\/\/www.adictosaljetlag.com\/index.php\/wp-json\/wp\/v2\/posts"}],"about":[{"href":"https:\/\/www.adictosaljetlag.com\/index.php\/wp-json\/wp\/v2\/types\/post"}],"author":[{"embeddable":true,"href":"https:\/\/www.adictosaljetlag.com\/index.php\/wp-json\/wp\/v2\/users\/1"}],"replies":[{"embeddable":true,"href":"https:\/\/www.adictosaljetlag.com\/index.php\/wp-json\/wp\/v2\/comments?post=1347"}],"version-history":[{"count":7,"href":"https:\/\/www.adictosaljetlag.com\/index.php\/wp-json\/wp\/v2\/posts\/1347\/revisions"}],"predecessor-version":[{"id":1361,"href":"https:\/\/www.adictosaljetlag.com\/index.php\/wp-json\/wp\/v2\/posts\/1347\/revisions\/1361"}],"wp:featuredmedia":[{"embeddable":true,"href":"https:\/\/www.adictosaljetlag.com\/index.php\/wp-json\/wp\/v2\/media\/1355"}],"wp:attachment":[{"href":"https:\/\/www.adictosaljetlag.com\/index.php\/wp-json\/wp\/v2\/media?parent=1347"}],"wp:term":[{"taxonomy":"category","embeddable":true,"href":"https:\/\/www.adictosaljetlag.com\/index.php\/wp-json\/wp\/v2\/categories?post=1347"},{"taxonomy":"post_tag","embeddable":true,"href":"https:\/\/www.adictosaljetlag.com\/index.php\/wp-json\/wp\/v2\/tags?post=1347"},{"taxonomy":"lugar","embeddable":true,"href":"https:\/\/www.adictosaljetlag.com\/index.php\/wp-json\/wp\/v2\/lugar?post=1347"}],"curies":[{"name":"wp","href":"https:\/\/api.w.org\/{rel}","templated":true}]}}